{"id":340,"date":"2021-03-02T17:02:48","date_gmt":"2021-03-02T16:02:48","guid":{"rendered":"https:\/\/blog.fiesta-republic.com\/?p=340"},"modified":"2026-02-14T14:48:32","modified_gmt":"2026-02-14T13:48:32","slug":"la-saint-patrick-lhistoire-de-levangelisateur-et-ses-origines","status":"publish","type":"post","link":"https:\/\/www.fiesta-republic.com\/blog\/la-saint-patrick-lhistoire-de-levangelisateur-et-ses-origines\/","title":{"rendered":"L&#8217;histoire de saint Patrick"},"content":{"rendered":"\n<h2 class=\"wp-block-heading\">La c\u00e9l\u00e8bre f\u00eate de la Saint Patrick a lieu comme tous les ans, le 17 mars.&nbsp;<\/h2>\n\n\n\n<p>C\u2019est \u00e0 la base une f\u00eate religieuse qui a pris sa place dans plusieurs pays mais principalement en Irlande, aux \u00c9tats Unis, au Canada et en Australie.<\/p>\n\n\n\n<p>Un peu d\u2019histoire : Le Saint Patrick aurait \u00e9t\u00e9 enlev\u00e9 par des pirates durant son adolescence pour \u00eatre ensuite vendu comme esclave en Irlande. Il devient alors berger pour un certain chef Irlandais avant de pouvoir s&#8217;\u00e9chapper pour se consacrer \u00e0 la religion apr\u00e8s avoir rencontr\u00e9 Dieu dans un r\u00eave. Plus tard, un certain pape l&#8217;envoie en mission afin d&#8217;\u00e9vang\u00e9liser l&#8217;Irlande. <\/p>\n\n\n\n<p>La Saint Patrick est en r\u00e9alit\u00e9 un hommage au premier \u00e9vang\u00e9lisateur : Patrick.&nbsp;En l\u2019an 432, au Roc de Cashel, l\u2019\u00e9vang\u00e9lisateur Patrick vient expliquer la Sainte Trinit\u00e9 (le P\u00e8re, le Fils et le Saint Esprit) dans son pays d&#8217;origine par le biais d\u2019un tr\u00e8fle.<\/p>\n\n\n\n<h3 class=\"wp-block-heading\">Le Saint Patrick est alors consid\u00e9r\u00e9 comme le P\u00e8re fondateur du christianisme en Irlande. <\/h3>\n\n\n\n<h2 class=\"wp-block-heading\">Les <a href=\"https:\/\/www.fiesta-republic.com\/30-saint-patrick\">costumes traditionnels Irlandais<\/a> pour cette p\u00e9riode de f\u00eate<\/h2>\n\n\n\n<p>Pr\u00eat \u00e0 aller faire la f\u00eate dans un pub Irlandais ?<br>Bien entendu, se sont les costumes traditionnels qui sont le plus mis en avant durant cette p\u00e9riode !  En passant par le <a href=\"https:\/\/www.fiesta-republic.com\/9823-costume-irlandais.html\">kilt \u00e0 carreaux verts, le b\u00e9ret assorti<\/a> mais aussi le <a href=\"https:\/\/www.fiesta-republic.com\/11573-deguisement-irlandaise.html\">corset noir \u00e0 liser\u00e9s, les chaussettes blanches hautes<\/a>&#8230;  <\/p>\n\n\n\n<p>Retrouvez tous les <a href=\"https:\/\/www.fiesta-republic.com\/30-saint-patrick\" title=\"D\u00e9guisement saint Patrick\">d\u00e9guisements Irlandais<\/a> et <a href=\"https:\/\/www.fiesta-republic.com\/442-accessoires-deguisements-saint-patrick\" title=\"Accessoires saint Patrick\">accessoires pour la saint Patrick<\/a> qu&#8217;il vous faut pour que cette f\u00eate soit inoubliable chez Fiesta Republic !<\/p>\n\n\n\n<div class=\"wp-block-columns is-layout-flex wp-container-core-columns-is-layout-1 wp-block-columns-is-layout-flex\">\n<div class=\"wp-block-column is-layout-flow wp-block-column-is-layout-flow\">\n<figure class=\"wp-block-image size-large\"><a href=\"https:\/\/www.fiesta-republic.com\/8535-set-irlandais-kilt-echarpe-beret.html\" title=\"D\u00e9guisement saint Patrick\"><img loading=\"lazy\" decoding=\"async\" width=\"740\" height=\"740\" src=\"https:\/\/www.fiesta-republic.com\/blog\/wp-content\/uploads\/2022\/01\/set-irlandais-kilt-echarpe-beret.jpg\" alt=\"Kit saint Patrick\" class=\"wp-image-453\" srcset=\"https:\/\/www.fiesta-republic.com\/blog\/wp-content\/uploads\/2022\/01\/set-irlandais-kilt-echarpe-beret.jpg 740w, https:\/\/www.fiesta-republic.com\/blog\/wp-content\/uploads\/2022\/01\/set-irlandais-kilt-echarpe-beret-300x300.jpg 300w, https:\/\/www.fiesta-republic.com\/blog\/wp-content\/uploads\/2022\/01\/set-irlandais-kilt-echarpe-beret-150x150.jpg 150w, https:\/\/www.fiesta-republic.com\/blog\/wp-content\/uploads\/2022\/01\/set-irlandais-kilt-echarpe-beret-100x100.jpg 100w\" sizes=\"auto, (max-width: 706px) 89vw, (max-width: 767px) 82vw, 740px\" \/><\/a><\/figure>\n<\/div>\n\n\n\n<div class=\"wp-block-column is-layout-flow wp-block-column-is-layout-flow\">\n<figure class=\"wp-block-image size-large\"><a href=\"https:\/\/www.fiesta-republic.com\/9823-costume-irlandais.html\" title=\"Costume Irlandais\"><img loading=\"lazy\" decoding=\"async\" width=\"1024\" height=\"1024\" src=\"https:\/\/www.fiesta-republic.com\/blog\/wp-content\/uploads\/2021\/03\/costume-irlandais-1024x1024.jpg\" alt=\"Costume Irlandais\" class=\"wp-image-345\" srcset=\"https:\/\/www.fiesta-republic.com\/blog\/wp-content\/uploads\/2021\/03\/costume-irlandais-1024x1024.jpg 1024w, https:\/\/www.fiesta-republic.com\/blog\/wp-content\/uploads\/2021\/03\/costume-irlandais-150x150.jpg 150w, https:\/\/www.fiesta-republic.com\/blog\/wp-content\/uploads\/2021\/03\/costume-irlandais-300x300.jpg 300w, https:\/\/www.fiesta-republic.com\/blog\/wp-content\/uploads\/2021\/03\/costume-irlandais-768x768.jpg 768w, https:\/\/www.fiesta-republic.com\/blog\/wp-content\/uploads\/2021\/03\/costume-irlandais-100x100.jpg 100w, https:\/\/www.fiesta-republic.com\/blog\/wp-content\/uploads\/2021\/03\/costume-irlandais.jpg 1080w\" sizes=\"auto, (max-width: 706px) 89vw, (max-width: 767px) 82vw, 740px\" \/><\/a><\/figure>\n<\/div>\n<\/div>\n","protected":false},"excerpt":{"rendered":"<p>La c\u00e9l\u00e8bre f\u00eate de la Saint Patrick a lieu comme tous les ans, le 17 mars.&nbsp; C\u2019est \u00e0 la base une f\u00eate religieuse qui a pris sa place dans plusieurs pays mais principalement en Irlande, aux \u00c9tats Unis, au Canada et en Australie. Un peu d\u2019histoire : Le Saint Patrick aurait \u00e9t\u00e9 enlev\u00e9 par des &hellip; <\/p>\n<p class=\"link-more\"><a href=\"https:\/\/www.fiesta-republic.com\/blog\/la-saint-patrick-lhistoire-de-levangelisateur-et-ses-origines\/\" class=\"more-link\">Continuer la lecture<span class=\"screen-reader-text\"> de &laquo;&nbsp;L&#8217;histoire de saint Patrick&nbsp;&raquo;<\/span><\/a><\/p>\n","protected":false},"author":4,"featured_media":344,"comment_status":"closed","ping_status":"open","sticky":false,"template":"","format":"standard","meta":{"sfsi_plus_gutenberg_text_before_share":"","sfsi_plus_gutenberg_show_text_before_share":"","sfsi_plus_gutenberg_icon_type":"","sfsi_plus_gutenberg_icon_alignemt":"","sfsi_plus_gutenburg_max_per_row":"","footnotes":""},"categories":[85],"tags":[],"class_list":["post-340","post","type-post","status-publish","format-standard","has-post-thumbnail","hentry","category-articles"],"_links":{"self":[{"href":"https:\/\/www.fiesta-republic.com\/blog\/wp-json\/wp\/v2\/posts\/340","targetHints":{"allow":["GET"]}}],"collection":[{"href":"https:\/\/www.fiesta-republic.com\/blog\/wp-json\/wp\/v2\/posts"}],"about":[{"href":"https:\/\/www.fiesta-republic.com\/blog\/wp-json\/wp\/v2\/types\/post"}],"author":[{"embeddable":true,"href":"https:\/\/www.fiesta-republic.com\/blog\/wp-json\/wp\/v2\/users\/4"}],"replies":[{"embeddable":true,"href":"https:\/\/www.fiesta-republic.com\/blog\/wp-json\/wp\/v2\/comments?post=340"}],"version-history":[{"count":11,"href":"https:\/\/www.fiesta-republic.com\/blog\/wp-json\/wp\/v2\/posts\/340\/revisions"}],"predecessor-version":[{"id":463,"href":"https:\/\/www.fiesta-republic.com\/blog\/wp-json\/wp\/v2\/posts\/340\/revisions\/463"}],"wp:featuredmedia":[{"embeddable":true,"href":"https:\/\/www.fiesta-republic.com\/blog\/wp-json\/wp\/v2\/media\/344"}],"wp:attachment":[{"href":"https:\/\/www.fiesta-republic.com\/blog\/wp-json\/wp\/v2\/media?parent=340"}],"wp:term":[{"taxonomy":"category","embeddable":true,"href":"https:\/\/www.fiesta-republic.com\/blog\/wp-json\/wp\/v2\/categories?post=340"},{"taxonomy":"post_tag","embeddable":true,"href":"https:\/\/www.fiesta-republic.com\/blog\/wp-json\/wp\/v2\/tags?post=340"}],"curies":[{"name":"wp","href":"https:\/\/api.w.org\/{rel}","templated":true}]}}